{"id":976,"date":"2025-08-14T13:39:38","date_gmt":"2025-08-14T13:39:38","guid":{"rendered":"http:\/\/www.5gnacar.es\/?p=976"},"modified":"2025-08-14T14:07:28","modified_gmt":"2025-08-14T14:07:28","slug":"itacyl-nokia-y-aptica-desarrollan-un-sensor-multiespectral-con-ia-para-medir-la-maduracion-de-la-uva-en-tiempo-real","status":"publish","type":"post","link":"http:\/\/www.5gnacar.es\/?p=976","title":{"rendered":"ITACyL, Nokia y Aptica desarrollan un sensor multiespectral con IA para medir la maduraci\u00f3n de la uva en tiempo real"},"content":{"rendered":"\n<div class=\"wp-block-gutenverse-image guten-element guten-image guten-EZq0MG\"><div class=\"guten-image-wrapper\"><img loading=\"lazy\" decoding=\"async\" class=\"gutenverse-image-box-filled\" src=\"http:\/\/www.5gnacar.es\/wp-content\/uploads\/2025\/08\/Proyecto-5gnacar-viticultura.jpg\" height=\"2048\" width=\"2048\"\/><\/div><\/div>\n\n\n\n<div class=\"wp-block-gutenverse-divider guten-element guten-divider guten-Dlx6sf\"><div class=\"guten-divider-wrapper\"><div class=\"guten-divider-double guten-divider-line guten-divider-regular\"><\/div><\/div><\/div>\n\n\n\n<p class=\"has-large-font-size\" style=\"margin-top:0;margin-bottom:0;padding-top:0;padding-right:0;padding-bottom:0;padding-left:0\"><strong>La Comisi\u00f3n Europea marca la hoja de ruta digital<\/strong><\/p>\n\n\n\n<div class=\"wp-block-gutenverse-divider guten-element guten-divider guten-xoSD7I\"><div class=\"guten-divider-wrapper\"><div class=\"guten-divider-double guten-divider-line guten-divider-regular\"><\/div><\/div><\/div>\n\n\n\n<p class=\"has-palette-color-4-color has-text-color has-link-color wp-elements-e4aa3d36dfac9b1dc894f7c51ac3a6c4\" style=\"margin-top:var(--wp--preset--spacing--20);margin-bottom:var(--wp--preset--spacing--20)\"><strong>El proyecto liderado por Nokia y respaldado por empresas de referencia en Espa\u00f1a y Europa, marc\u00f3 la agenda de innovaci\u00f3n del principal foro 5G del pa\u00eds<\/strong><\/p>\n\n\n\n<p class=\"has-palette-color-4-color has-text-color has-link-color wp-elements-39a0fb44b101afeef797ed6def65a1b1\">El Instituto Tecnol\u00f3gico Agrario de Castilla y Le\u00f3n (ITACyL) colabora con las empresas <strong>Nokia<\/strong> y <strong>Aptica<\/strong> en el desarrollo de un innovador <strong>prototipo de sensor multiespectral<\/strong> que, junto con <strong>inteligencia artificial (IA)<\/strong>, permitir\u00e1 detectar de forma precisa los cambios de color en la uva y evaluar su grado de maduraci\u00f3n en funci\u00f3n de su <strong>color espectral<\/strong>.<\/p>\n\n\n\n<p class=\"has-palette-color-4-color has-text-color has-link-color wp-elements-5d0178f2457ccbd3c8089b63ae543c24\">Este avance se enmarca en el proyecto <strong>&#8220;5G con Facilidades de Network-as-Code para Aplicaciones sobre Red M\u00f3vil (5GNaCar)&#8221;<\/strong>, con el que ya se han iniciado mediciones en laboratorio y campo. El sistema promete mejorar la gesti\u00f3n del vi\u00f1edo gracias a la <strong>transmisi\u00f3n de datos instant\u00e1nea, de largo alcance y bajo consumo energ\u00e9tico<\/strong>.<br><\/p>\n\n\n\n<p class=\"has-large-font-size\" style=\"margin-top:0;margin-bottom:0;padding-top:0;padding-right:0;padding-bottom:0;padding-left:0\"><strong>Tecnolog\u00eda 5G aplicada a la viticultura<\/strong><\/p>\n\n\n\n<div class=\"wp-block-gutenverse-divider guten-element guten-divider guten-JymnaS\"><div class=\"guten-divider-wrapper\"><div class=\"guten-divider-double guten-divider-line guten-divider-regular\"><\/div><\/div><\/div>\n\n\n\n<p class=\"has-palette-color-4-color has-text-color has-link-color wp-elements-22b0776446e9468b69c41ddf5b7c6255\" style=\"padding-top:var(--wp--preset--spacing--20);padding-bottom:var(--wp--preset--spacing--20)\">ITACyL apuesta por la <strong>agricultura inteligente<\/strong> y la <strong>digitalizaci\u00f3n del sector vitivin\u00edcola<\/strong>, integrando redes de comunicaci\u00f3n 5G que facilitan la toma de decisiones en tiempo real.<br>Dentro del <strong>Programa \u00danico Sectorial<\/strong> y el <strong>Plan de Recuperaci\u00f3n, Transformaci\u00f3n y Resiliencia<\/strong>, la instituci\u00f3n trabaja codo a codo con Nokia y Aptica para poner en marcha aplicaciones y casos de uso en cultivos le\u00f1osos, especialmente en vi\u00f1edo, en la finca experimental de Zamadue\u00f1as.<\/p>\n\n\n\n<p class=\"has-palette-color-4-color has-text-color has-link-color wp-elements-f789fdc158cc65480662a641a4e51a41\" style=\"padding-top:var(--wp--preset--spacing--20);padding-bottom:var(--wp--preset--spacing--20)\">El uso de <strong>Network-as-Code (NaC)<\/strong> en la red 5G abre la puerta a herramientas de programaci\u00f3n y automatizaci\u00f3n m\u00e1s avanzadas, lo que permite recopilar, procesar y enviar datos desde los sensores con mayor rapidez y fiabilidad.<\/p>\n\n\n\n<p class=\"has-large-font-size\" style=\"margin-top:0;margin-right:0;margin-bottom:0;margin-left:0\"><strong>Prototipo que revoluciona la medici\u00f3n de la madurez de la uva<\/strong><\/p>\n\n\n\n<div class=\"wp-block-gutenverse-divider guten-element guten-divider guten-I9Zb98\"><div class=\"guten-divider-wrapper\"><div class=\"guten-divider-double guten-divider-line guten-divider-regular\"><\/div><\/div><\/div>\n\n\n\n<div class=\"section-wrapper\" data-id=\"xWPUtE\"><section class=\"wp-block-gutenverse-section guten-element guten-section guten-xWPUtE layout-fullwidth align-stretch\"><div class=\"guten-container guten-column-gap-default\">\n<div class=\"wp-block-gutenverse-column guten-element guten-column guten-2WhiJw\"><div class=\"guten-column-wrapper\" data-id=\"2WhiJw\">\n<div class=\"section-wrapper\" data-id=\"OAUowv\"><section class=\"wp-block-gutenverse-section guten-element guten-section guten-OAUowv layout-boxed align-stretch\"><div class=\"guten-container guten-column-gap-default\">\n<div class=\"wp-block-gutenverse-column guten-element guten-column guten-PUa3Xx\"><div class=\"guten-column-wrapper\" data-id=\"PUa3Xx\">\n<p><\/p>\n\n\n\n<p>El sensor multiespectral dise\u00f1ado en este proyecto es capaz de detectar de manera gradual los cambios crom\u00e1ticos que experimenta la uva durante su maduraci\u00f3n.<br>Combinando estos datos con el an\u00e1lisis del <strong>grado Brix<\/strong> \u2014medida de la concentraci\u00f3n de az\u00facares\u2014 y algoritmos de IA, el sistema determina de forma precisa el momento \u00f3ptimo de maduraci\u00f3n.<br><br><strong>Ventajas clave del sistema:<\/strong><br><br>-Medici\u00f3n <strong>en tiempo real<\/strong> sin necesidad de muestreo manual.<br>-Datos objetivos que facilitan la planificaci\u00f3n de la vendimia.<br>-Ahorro de tiempo y reducci\u00f3n de costes operativos.<br>-Informaci\u00f3n de alta precisi\u00f3n para mejorar la calidad del vino.<\/p>\n<\/div><\/div>\n\n\n\n<div class=\"wp-block-gutenverse-column guten-element guten-column guten-13ZPvE\"><div class=\"guten-column-wrapper\" data-id=\"13ZPvE\">\n<div class=\"wp-block-gutenverse-image guten-element guten-image guten-gbEsgV\"><div class=\"guten-image-wrapper\"><img loading=\"lazy\" decoding=\"async\" class=\"gutenverse-image-box-filled\" src=\"http:\/\/www.5gnacar.es\/wp-content\/uploads\/2025\/08\/5gnacar-espectometro-network-as-code.jpg\" height=\"2048\" width=\"2048\"\/><\/div><\/div>\n<\/div><\/div>\n<\/div><\/section><\/div>\n<\/div><\/div>\n<\/div><\/section><\/div>\n\n\n\n<p class=\"has-large-font-size\" style=\"margin-top:0;margin-bottom:0\"><strong>Pruebas en campo y pr\u00f3ximos pasos<\/strong><\/p>\n\n\n\n<div class=\"wp-block-gutenverse-divider guten-element guten-divider guten-kzX4s5\"><div class=\"guten-divider-wrapper\"><div class=\"guten-divider-double guten-divider-line guten-divider-regular\"><\/div><\/div><\/div>\n\n\n\n<p class=\"has-palette-color-4-color has-text-color has-link-color wp-elements-25effd08ea048ac435cc65d4501b50ec\" style=\"padding-top:var(--wp--preset--spacing--20);padding-bottom:var(--wp--preset--spacing--20)\">En la actualidad, el equipo trabaja en el <strong>an\u00e1lisis de los datos obtenidos<\/strong>, evaluando la <strong>precisi\u00f3n del modelo de IA<\/strong> en condiciones reales y validando su eficacia mediante an\u00e1lisis estad\u00edsticos. Las pruebas se realizan en distintas parcelas para comprobar la adaptabilidad del sensor y la robustez del sistema.<\/p>\n\n\n\n<p>Adem\u00e1s, se est\u00e1 creando una <strong>base de datos fotogr\u00e1fica de hojas de vid<\/strong> para desarrollar un algoritmo de <strong>ampelograf\u00eda digital<\/strong>. Este sistema permitir\u00e1 identificar variedades de vid desconocidas para el viticultor directamente en campo, mejorando el manejo y control del vi\u00f1edo.<\/p>\n\n\n\n<p class=\"has-large-font-size\" style=\"margin-top:0;margin-bottom:0\"><strong>M\u00e1s all\u00e1 del vi\u00f1edo: aplicaciones en olivar<\/strong><\/p>\n\n\n\n<div class=\"wp-block-gutenverse-divider guten-element guten-divider guten-hEaJZL\"><div class=\"guten-divider-wrapper\"><div class=\"guten-divider-double guten-divider-line guten-divider-regular\"><\/div><\/div><\/div>\n\n\n\n<p style=\"padding-top:var(--wp--preset--spacing--20);padding-bottom:var(--wp--preset--spacing--20)\">El proyecto tambi\u00e9n contempla un <strong>ensayo experimental en olivar<\/strong>, donde se probar\u00e1 la aplicaci\u00f3n de biofertilizantes y bioestimulantes mediante <strong>AGV (veh\u00edculos aut\u00f3nomos)<\/strong>. Esta integraci\u00f3n de automatizaci\u00f3n, IA y 5G tiene el potencial de transformar no solo el sector vitivin\u00edcola, sino la agricultura de precisi\u00f3n en general.<\/p>\n\n\n\n<div class=\"wp-block-gutenverse-image guten-element guten-image guten-JWn8OD\"><div class=\"guten-image-wrapper\"><img loading=\"lazy\" decoding=\"async\" class=\"gutenverse-image-box-filled\" src=\"http:\/\/www.5gnacar.es\/wp-content\/uploads\/2025\/08\/5gnacar-proyecto-itacyl.jpg\" height=\"2048\" width=\"2048\" alt=\"\"\/><\/div><\/div>\n\n\n\n<p class=\"has-large-font-size\" style=\"margin-top:0;margin-bottom:0;padding-top:0;padding-bottom:0\"><strong>Hacia una agricultura m\u00e1s conectada e inteligente<\/strong><\/p>\n\n\n\n<div class=\"wp-block-gutenverse-divider guten-element guten-divider guten-h7YCdA\"><div class=\"guten-divider-wrapper\"><div class=\"guten-divider-double guten-divider-line guten-divider-regular\"><\/div><\/div><\/div>\n\n\n\n<p style=\"padding-top:var(--wp--preset--spacing--20);padding-bottom:var(--wp--preset--spacing--20)\">La capacidad de medir la maduraci\u00f3n de la uva y transmitir datos instant\u00e1neamente desde el vi\u00f1edo marca un <strong>hito en la viticultura de precisi\u00f3n<\/strong>. Con la incorporaci\u00f3n de tecnolog\u00edas como el 5G, la inteligencia artificial y los sensores avanzados, ITACyL, Nokia y Aptica se posicionan a la vanguardia de la <strong>transformaci\u00f3n digital del sector agroalimentario<\/strong>.<\/p>\n\n\n\n<p>Este tipo de innovaciones no solo mejora la eficiencia y sostenibilidad de los cultivos, sino que abre nuevas oportunidades para que los productores tomen decisiones m\u00e1s informadas, optimicen recursos y garanticen una mayor calidad en sus productos.<\/p>\n\n\n\n<p><\/p>\n","protected":false},"excerpt":{"rendered":"<p>La Comisi\u00f3n Europea marca la hoja de ruta digital El proyecto liderado por Nokia y respaldado por empresas de referencia en Espa\u00f1a y Europa, marc\u00f3 la agenda de innovaci\u00f3n del principal foro 5G del pa\u00eds El Instituto Tecnol\u00f3gico Agrario de Castilla y Le\u00f3n (ITACyL) colabora con las empresas Nokia y Aptica en el desarrollo de [&hellip;]<\/p>\n","protected":false},"author":1,"featured_media":978,"comment_status":"open","ping_status":"open","sticky":false,"template":"","format":"standard","meta":{"_gspb_post_css":"","footnotes":""},"categories":[1],"tags":[],"class_list":["post-976","post","type-post","status-publish","format-standard","has-post-thumbnail","hentry","category-uncategorized"],"blocksy_meta":[],"_links":{"self":[{"href":"http:\/\/www.5gnacar.es\/index.php?rest_route=\/wp\/v2\/posts\/976","targetHints":{"allow":["GET"]}}],"collection":[{"href":"http:\/\/www.5gnacar.es\/index.php?rest_route=\/wp\/v2\/posts"}],"about":[{"href":"http:\/\/www.5gnacar.es\/index.php?rest_route=\/wp\/v2\/types\/post"}],"author":[{"embeddable":true,"href":"http:\/\/www.5gnacar.es\/index.php?rest_route=\/wp\/v2\/users\/1"}],"replies":[{"embeddable":true,"href":"http:\/\/www.5gnacar.es\/index.php?rest_route=%2Fwp%2Fv2%2Fcomments&post=976"}],"version-history":[{"count":10,"href":"http:\/\/www.5gnacar.es\/index.php?rest_route=\/wp\/v2\/posts\/976\/revisions"}],"predecessor-version":[{"id":992,"href":"http:\/\/www.5gnacar.es\/index.php?rest_route=\/wp\/v2\/posts\/976\/revisions\/992"}],"wp:featuredmedia":[{"embeddable":true,"href":"http:\/\/www.5gnacar.es\/index.php?rest_route=\/wp\/v2\/media\/978"}],"wp:attachment":[{"href":"http:\/\/www.5gnacar.es\/index.php?rest_route=%2Fwp%2Fv2%2Fmedia&parent=976"}],"wp:term":[{"taxonomy":"category","embeddable":true,"href":"http:\/\/www.5gnacar.es\/index.php?rest_route=%2Fwp%2Fv2%2Fcategories&post=976"},{"taxonomy":"post_tag","embeddable":true,"href":"http:\/\/www.5gnacar.es\/index.php?rest_route=%2Fwp%2Fv2%2Ftags&post=976"}],"curies":[{"name":"wp","href":"https:\/\/api.w.org\/{rel}","templated":true}]}}