{"id":957,"date":"2025-08-14T11:38:47","date_gmt":"2025-08-14T11:38:47","guid":{"rendered":"http:\/\/www.5gnacar.es\/?p=957"},"modified":"2025-08-14T13:38:41","modified_gmt":"2025-08-14T13:38:41","slug":"5gnacar-brilla-en-el-5g-forum-2024-la-colaboracion-empresarial-impulsa-la-conectividad-del-futuro","status":"publish","type":"post","link":"http:\/\/www.5gnacar.es\/?p=957","title":{"rendered":"5GNaCar brilla en el 5G Forum 2024: la colaboraci\u00f3n empresarial impulsa la conectividad del futuro"},"content":{"rendered":"\n<div class=\"wp-block-gutenverse-image guten-element guten-image guten-EZq0MG\"><div class=\"guten-image-wrapper\"><img loading=\"lazy\" decoding=\"async\" class=\"gutenverse-image-box-filled\" src=\"http:\/\/www.5gnacar.es\/wp-content\/uploads\/2025\/08\/Sin-titulo-1.png\" height=\"554\" width=\"1024\"\/><\/div><\/div>\n\n\n\n<div class=\"wp-block-gutenverse-divider guten-element guten-divider guten-Dlx6sf\"><div class=\"guten-divider-wrapper\"><div class=\"guten-divider-double guten-divider-line guten-divider-regular\"><\/div><\/div><\/div>\n\n\n\n<p class=\"has-palette-color-4-color has-text-color has-link-color wp-elements-2f529cdbbe18d0ef9d9d8a8a8f5d73b8\" style=\"margin-top:var(--wp--preset--spacing--20);margin-bottom:var(--wp--preset--spacing--20)\"><strong>El proyecto liderado por Nokia y respaldado por empresas de referencia en Espa\u00f1a y Europa, marc\u00f3 la agenda de innovaci\u00f3n del principal foro 5G del pa\u00eds<\/strong><\/p>\n\n\n\n<p class=\"has-palette-color-4-color has-text-color has-link-color wp-elements-7b186c31e0962e76d2cf664488630c6b\">El <strong>5G Forum 2024<\/strong>, celebrado del 6 al 10 de mayo en Sevilla y en formato h\u00edbrido, fue el escaparate perfecto para mostrar al mundo <strong>5GNaCar<\/strong>, un ambicioso proyecto de investigaci\u00f3n que representa un paso decisivo hacia las <strong>redes inteligentes y programables<\/strong> del futuro.<br><br>Presentado por <strong>Jaime Ruiz<\/strong>, <em>Innovation Manager<\/em> en <strong>Nokia<\/strong>, 5GNaCar se basa en el concepto <strong>Network as Code (NaC)<\/strong>, una propuesta revolucionaria que simplifica las capacidades de red para que las aplicaciones puedan interactuar y modificarlas din\u00e1micamente. El objetivo: optimizar el rendimiento, mejorar la experiencia del usuario y abrir la puerta a nuevos modelos de negocio en el ecosistema 5G y 6G.<\/p>\n\n\n\n<p class=\"has-large-font-size\" style=\"margin-top:0;margin-bottom:0;padding-top:0;padding-right:0;padding-bottom:0;padding-left:0\"><strong>La Comisi\u00f3n Europea marca la hoja de ruta digital<\/strong><\/p>\n\n\n\n<div class=\"wp-block-gutenverse-divider guten-element guten-divider guten-JymnaS\"><div class=\"guten-divider-wrapper\"><div class=\"guten-divider-double guten-divider-line guten-divider-regular\"><\/div><\/div><\/div>\n\n\n\n<p class=\"has-palette-color-4-color has-text-color has-link-color wp-elements-f9067f6f3f8239e6923574c1f3325348\" style=\"padding-top:var(--wp--preset--spacing--20);padding-bottom:var(--wp--preset--spacing--20)\">La <strong>Comisi\u00f3n Europea<\/strong> tuvo un papel protagonista con la intervenci\u00f3n de <strong>Agust\u00edn D\u00edaz-Pin\u00e9s<\/strong>, Jefe Adjunto de la Unidad de Sistemas de Conectividad del Futuro. Durante su ponencia, present\u00f3 el <strong>Libro Blanco sobre el futuro de la infraestructura digital en Europa<\/strong>, alineado con la estrategia 5G y 6G de la <strong>D\u00e9cada Digital<\/strong>, cuyo objetivo es fomentar la inversi\u00f3n, la innovaci\u00f3n y la soberan\u00eda tecnol\u00f3gica europea.<\/p>\n\n\n\n<p class=\"has-large-font-size\" style=\"margin-top:0;margin-right:0;margin-bottom:0;margin-left:0\"><strong>Network as Code: un nuevo paradigma en conectividad<\/strong><\/p>\n\n\n\n<div class=\"wp-block-gutenverse-divider guten-element guten-divider guten-I9Zb98\"><div class=\"guten-divider-wrapper\"><div class=\"guten-divider-double guten-divider-line guten-divider-regular\"><\/div><\/div><\/div>\n\n\n\n<div class=\"section-wrapper\" data-id=\"xWPUtE\"><section class=\"wp-block-gutenverse-section guten-element guten-section guten-xWPUtE layout-fullwidth align-stretch\"><div class=\"guten-container guten-column-gap-default\">\n<div class=\"wp-block-gutenverse-column guten-element guten-column guten-0dDOxN\"><div class=\"guten-column-wrapper\" data-id=\"0dDOxN\">\n<div class=\"wp-block-gutenverse-image guten-element guten-image guten-cu2BL0\"><div class=\"guten-image-wrapper\"><img loading=\"lazy\" decoding=\"async\" class=\"gutenverse-image-box-filled\" src=\"http:\/\/www.5gnacar.es\/wp-content\/uploads\/2025\/08\/proyecto-5gnacar-nokia.jpg\" height=\"2048\" width=\"2048\"\/><\/div><\/div>\n<\/div><\/div>\n\n\n\n<div class=\"wp-block-gutenverse-column guten-element guten-column guten-2WhiJw\"><div class=\"guten-column-wrapper\" data-id=\"2WhiJw\">\n<p><\/p>\n\n\n\n<p class=\"has-palette-color-4-color has-text-color has-link-color wp-elements-b01d86d7d6e14014a94ab3385c515b93\" style=\"padding-top:var(--wp--preset--spacing--20);padding-right:var(--wp--preset--spacing--50);padding-bottom:var(--wp--preset--spacing--20);padding-left:var(--wp--preset--spacing--50);font-size:clamp(14px, 0.875rem + ((1vw - 3.2px) * 0.234), 17px);\"><strong>NaC de Nokia<\/strong> representa mucho m\u00e1s que una simple innovaci\u00f3n t\u00e9cnica: constituye un nuevo <strong>marco empresarial y tecnol\u00f3gico<\/strong> que redefine la relaci\u00f3n entre la red y las aplicaciones. Este enfoque abre la puerta a un ecosistema en el que <strong>desarrolladores, operadores y socios tecnol\u00f3gicos<\/strong> pueden <strong>co-crear valor de forma colaborativa<\/strong>, dise\u00f1ando experiencias y servicios m\u00e1s inteligentes y personalizados.<\/p>\n\n\n\n<p class=\"has-palette-color-4-color has-text-color has-link-color wp-elements-b66607dbd9231ffa361aaed8ba0eb17a\" style=\"padding-top:var(--wp--preset--spacing--20);padding-right:var(--wp--preset--spacing--50);padding-bottom:var(--wp--preset--spacing--20);padding-left:var(--wp--preset--spacing--50);font-size:clamp(14px, 0.875rem + ((1vw - 3.2px) * 0.234), 17px);\">Al permitir que las aplicaciones modifiquen en <strong>tiempo real<\/strong> las condiciones de red, se sientan las bases de una conectividad m\u00e1s adaptable, eficiente y alineada con las necesidades de cada servicio.<\/p>\n<\/div><\/div>\n<\/div><\/section><\/div>\n\n\n\n<p class=\"has-large-font-size\" style=\"margin-top:0;margin-bottom:0\"><br><strong>Empresas colaboradoras: un ecosistema s\u00f3lido<\/strong><\/p>\n\n\n\n<div class=\"wp-block-gutenverse-divider guten-element guten-divider guten-kzX4s5\"><div class=\"guten-divider-wrapper\"><div class=\"guten-divider-double guten-divider-line guten-divider-regular\"><\/div><\/div><\/div>\n\n\n\n<p class=\"has-palette-color-4-color has-text-color has-link-color wp-elements-b34e48246bb2e2e57175e36d48dd32dc\" style=\"padding-top:var(--wp--preset--spacing--20);padding-bottom:var(--wp--preset--spacing--20)\">El \u00e9xito y desarrollo de 5GNaCar es posible gracias a la implicaci\u00f3n de un <strong>tejido empresarial e institucional de primer nivel<\/strong>. En el 5G Forum 2024, junto a Nokia, estuvieron presentes entidades como:<\/p>\n\n\n\n<p class=\"has-palette-color-4-color has-text-color has-link-color wp-elements-2d648e2f4eaa61bf2d4f723cbb699017\" style=\"padding-top:var(--wp--preset--spacing--20);padding-bottom:var(--wp--preset--spacing--20)\">-Multinacionales como <strong>Rohde &amp; Schwarz<\/strong>, que complementan la visi\u00f3n con innovaci\u00f3n en conectividad <strong>Non-Terrestrial Network (NTN)<\/strong> para zonas remotas.<\/p>\n\n\n\n<p>&#8211;<strong>MASORANGE, Telef\u00f3nica y Vodafone<\/strong>, principales operadoras que aportan su experiencia en despliegues reales de 5G.<\/p>\n\n\n\n<p>-Empresas tecnol\u00f3gicas y centros de investigaci\u00f3n espa\u00f1oles como <strong>Netmetrix, OFG, Vicomtech, Wavecontrol, Axi\u00f3n, Universidad de M\u00e1laga, Gradiant, Hispasat, Gsertel, AI Funded, Opossum<\/strong> y <strong>Gamma Solutions<\/strong>, que desarrollan soluciones y casos de uso que nutren al ecosistema NaC.<\/p>\n\n\n\n<p class=\"has-large-font-size\" style=\"margin-top:0;margin-bottom:0\"><strong>Un proyecto que conecta con la estrategia europea<\/strong><\/p>\n\n\n\n<div class=\"wp-block-gutenverse-divider guten-element guten-divider guten-hEaJZL\"><div class=\"guten-divider-wrapper\"><div class=\"guten-divider-double guten-divider-line guten-divider-regular\"><\/div><\/div><\/div>\n\n\n\n<p style=\"padding-top:var(--wp--preset--spacing--20);padding-bottom:var(--wp--preset--spacing--20)\">5GNaCar se alinea con las prioridades marcadas por la <strong>Comisi\u00f3n Europea<\/strong> para impulsar la soberan\u00eda digital, fomentar la innovaci\u00f3n y preparar el salto al <strong>6G<\/strong>. El foro cont\u00f3, adem\u00e1s, con la participaci\u00f3n de <strong>Agust\u00edn D\u00edaz-Pin\u00e9s<\/strong>, de la Comisi\u00f3n Europea, y asociaciones como la <strong>European Broadcasting Union (EBU)<\/strong> y la <strong>6G-IA<\/strong>, reforzando el papel estrat\u00e9gico de la colaboraci\u00f3n p\u00fablico-privada.<\/p>\n\n\n\n<p class=\"has-large-font-size\" style=\"margin-top:0;margin-bottom:0;padding-top:0;padding-bottom:0\"><strong>Las grandes operadoras muestran su liderazgo<\/strong><\/p>\n\n\n\n<div class=\"wp-block-gutenverse-divider guten-element guten-divider guten-h7YCdA\"><div class=\"guten-divider-wrapper\"><div class=\"guten-divider-double guten-divider-line guten-divider-regular\"><\/div><\/div><\/div>\n\n\n\n<p style=\"padding-top:var(--wp--preset--spacing--20);padding-bottom:var(--wp--preset--spacing--20)\">Las tres principales operadoras espa\u00f1olas \u2014<strong>MASORANGE, Telef\u00f3nica y Vodafone<\/strong>\u2014 presentaron sus \u00faltimas innovaciones.<\/p>\n\n\n\n<p style=\"padding-top:var(--wp--preset--spacing--20);padding-bottom:var(--wp--preset--spacing--20)\"><strong>Vodafone<\/strong> destac\u00f3 la estandarizaci\u00f3n de APIs para redes, de la mano de C\u00e9sar Ant\u00f3n, abriendo nuevas posibilidades de integraci\u00f3n entre sistemas y servicios.<\/p>\n\n\n\n<p><strong>MASORANGE<\/strong> expuso los beneficios del 5G en entornos residenciales y empresariales, con la participaci\u00f3n de Miguel \u00c1ngel Victoria y Ang\u00e9lica S\u00e1nchez.<\/p>\n\n\n\n<p><strong>Telef\u00f3nica<\/strong> repas\u00f3 el presente y futuro del 5G, con ponencias sobre proyectos desarrollados en Andaluc\u00eda desde su <em>Future Networks Lab<\/em>.<\/p>\n\n\n\n<p class=\"has-large-font-size\" style=\"margin-top:0;margin-bottom:0;padding-top:0;padding-bottom:0\"><strong>Impacto y proyecci\u00f3n<\/strong><\/p>\n\n\n\n<div class=\"wp-block-gutenverse-divider guten-element guten-divider guten-ZXHFUU\"><div class=\"guten-divider-wrapper\"><div class=\"guten-divider-double guten-divider-line guten-divider-regular\"><\/div><\/div><\/div>\n\n\n\n<p>La presentaci\u00f3n de 5GNaCar en el 5G Forum 2024 no solo despert\u00f3 el inter\u00e9s de los asistentes, sino que tambi\u00e9n posicion\u00f3 al proyecto como un referente en la evoluci\u00f3n hacia redes abiertas, programables y m\u00e1s eficientes. Con la participaci\u00f3n de empresas l\u00edderes y el respaldo de instituciones europeas, el camino hacia una <strong>nueva generaci\u00f3n de servicios 5G y 6G<\/strong> est\u00e1 cada vez m\u00e1s definido.<\/p>\n\n\n\n<p class=\"has-large-font-size\" style=\"margin-top:0;margin-bottom:0;padding-top:0;padding-bottom:0\"><strong>Un escaparate tecnol\u00f3gico de alcance global<\/strong><\/p>\n\n\n\n<div class=\"wp-block-gutenverse-divider guten-element guten-divider guten-vJPx2R\"><div class=\"guten-divider-wrapper\"><div class=\"guten-divider-double guten-divider-line guten-divider-regular\"><\/div><\/div><\/div>\n\n\n\n<div class=\"wp-block-gutenverse-image guten-element guten-image guten-JWn8OD\"><div class=\"guten-image-wrapper\"><img loading=\"lazy\" decoding=\"async\" class=\"gutenverse-image-box-filled\" src=\"http:\/\/www.5gnacar.es\/wp-content\/uploads\/2025\/08\/5GNacar-5g-forum-sevilla-2024-.jpg\" height=\"650\" width=\"3250\" alt=\"\"\/><\/div><\/div>\n\n\n\n<p>Organizado por <strong>Medina Media Events<\/strong> y respaldado por marcas como Huawei, ZTE, Mavenir, Red Hat o Viavi Solutions, el <strong>5G Forum 2024<\/strong> volvi\u00f3 a ser un escaparate \u00fanico para mostrar casos de uso, \u00e9xitos y proyectos piloto que marcar\u00e1n el futuro de las telecomunicaciones.<\/p>\n\n\n\n<p>Todas las ponencias, tanto de esta como de ediciones anteriores, quedaron disponibles en<strong> <em>El Observatorio<\/em><\/strong>, la plataforma online del evento, con acceso gratuito y disponible 24\/365.<\/p>\n\n\n\n<p><\/p>\n","protected":false},"excerpt":{"rendered":"<p>El proyecto liderado por Nokia y respaldado por empresas de referencia en Espa\u00f1a y Europa, marc\u00f3 la agenda de innovaci\u00f3n del principal foro 5G del pa\u00eds El 5G Forum 2024, celebrado del 6 al 10 de mayo en Sevilla y en formato h\u00edbrido, fue el escaparate perfecto para mostrar al mundo 5GNaCar, un ambicioso proyecto [&hellip;]<\/p>\n","protected":false},"author":1,"featured_media":961,"comment_status":"open","ping_status":"open","sticky":false,"template":"","format":"standard","meta":{"_gspb_post_css":"","footnotes":""},"categories":[1],"tags":[],"class_list":["post-957","post","type-post","status-publish","format-standard","has-post-thumbnail","hentry","category-uncategorized"],"blocksy_meta":[],"_links":{"self":[{"href":"http:\/\/www.5gnacar.es\/index.php?rest_route=\/wp\/v2\/posts\/957","targetHints":{"allow":["GET"]}}],"collection":[{"href":"http:\/\/www.5gnacar.es\/index.php?rest_route=\/wp\/v2\/posts"}],"about":[{"href":"http:\/\/www.5gnacar.es\/index.php?rest_route=\/wp\/v2\/types\/post"}],"author":[{"embeddable":true,"href":"http:\/\/www.5gnacar.es\/index.php?rest_route=\/wp\/v2\/users\/1"}],"replies":[{"embeddable":true,"href":"http:\/\/www.5gnacar.es\/index.php?rest_route=%2Fwp%2Fv2%2Fcomments&post=957"}],"version-history":[{"count":13,"href":"http:\/\/www.5gnacar.es\/index.php?rest_route=\/wp\/v2\/posts\/957\/revisions"}],"predecessor-version":[{"id":980,"href":"http:\/\/www.5gnacar.es\/index.php?rest_route=\/wp\/v2\/posts\/957\/revisions\/980"}],"wp:featuredmedia":[{"embeddable":true,"href":"http:\/\/www.5gnacar.es\/index.php?rest_route=\/wp\/v2\/media\/961"}],"wp:attachment":[{"href":"http:\/\/www.5gnacar.es\/index.php?rest_route=%2Fwp%2Fv2%2Fmedia&parent=957"}],"wp:term":[{"taxonomy":"category","embeddable":true,"href":"http:\/\/www.5gnacar.es\/index.php?rest_route=%2Fwp%2Fv2%2Fcategories&post=957"},{"taxonomy":"post_tag","embeddable":true,"href":"http:\/\/www.5gnacar.es\/index.php?rest_route=%2Fwp%2Fv2%2Ftags&post=957"}],"curies":[{"name":"wp","href":"https:\/\/api.w.org\/{rel}","templated":true}]}}